[{"@context":"https:\/\/schema.org\/","@type":"Article","@id":"https:\/\/www.kiddo.sk\/viete-co-je-to-schizofrenia-kedy-sa-moze-prejavit\/#Article","mainEntityOfPage":"https:\/\/www.kiddo.sk\/viete-co-je-to-schizofrenia-kedy-sa-moze-prejavit\/","headline":"Viete \u010do je to schizofr\u00e9nia? Kedy sa m\u00f4\u017ee prejavi\u0165?","name":"Viete \u010do je to schizofr\u00e9nia? Kedy sa m\u00f4\u017ee prejavi\u0165?","description":"Psychick\u00fdch \u0165a\u017ekost\u00ed je \u010doraz viac a\u00a0trp\u00ed nimi st\u00e1le v\u00e4\u010d\u0161\u00ed po\u010det \u013eud\u00ed. Vznikaj\u00fa nadmern\u00fdm stresom, dlhodob\u00fdmi \u0165a\u017ekos\u0165ami, o\u00a0ktor\u00fdch jedine odmieta rozpr\u00e1va\u0165, [&hellip;]","datePublished":"2019-05-25","dateModified":"2019-05-25","author":{"@type":"Person","@id":"https:\/\/www.kiddo.sk\/author\/#Person","name":"","url":"https:\/\/www.kiddo.sk\/author\/","identifier":1,"image":{"@type":"ImageObject","@id":"https:\/\/secure.gravatar.com\/avatar\/44215cbfc388d6c267f7eccf0a5fae95a459f733d44435ee1a21bfc9d2aea339?s=96&d=mm&r=g","url":"https:\/\/secure.gravatar.com\/avatar\/44215cbfc388d6c267f7eccf0a5fae95a459f733d44435ee1a21bfc9d2aea339?s=96&d=mm&r=g","height":96,"width":96}},"publisher":{"@type":"Organization","name":"kiddo.sk","logo":{"@type":"ImageObject","@id":"\/logo.png","url":"\/logo.png","width":600,"height":60}},"image":{"@type":"ImageObject","@id":"https:\/\/www.kiddo.sk\/wp-content\/uploads\/img_a303082_w16563_t1562690969.jpg","url":"https:\/\/www.kiddo.sk\/wp-content\/uploads\/img_a303082_w16563_t1562690969.jpg","height":0,"width":0},"url":"https:\/\/www.kiddo.sk\/viete-co-je-to-schizofrenia-kedy-sa-moze-prejavit\/","about":["Www"],"wordCount":374,"articleBody":"Psychick\u00fdch \u0165a\u017ekost\u00ed je \u010doraz viac a\u00a0trp\u00ed nimi st\u00e1le v\u00e4\u010d\u0161\u00ed po\u010det \u013eud\u00ed. Vznikaj\u00fa nadmern\u00fdm stresom, dlhodob\u00fdmi \u0165a\u017ekos\u0165ami, o\u00a0ktor\u00fdch jedine odmieta rozpr\u00e1va\u0165, ale samozrejme s\u00fa prejavom najm\u00e4 dedi\u010dnos\u0165, alebo s\u0165a\u017een\u00fdch \u017eivotn\u00fdch podmienok. D\u00f4vodov m\u00f4\u017ee by\u0165 skuto\u010dne ve\u013emi ve\u013ea a\u00a0v\u0161etky nie s\u00fa ani doposia\u013e \u00faplne zn\u00e1me, av\u0161ak jedno je ist\u00e9 \u2013 ide o ve\u013emi v\u00e1\u017enu zdravotn\u00fa poruchu, ktor\u00e1 sa m\u00f4\u017ee prejavi\u0165 k\u013eudne aj v\u00a0pokro\u010dilom veku, alebo kedyko\u013evek v\u00a0dospelosti, \u010di mladosti.Obavy, uzavretos\u0165, ned\u00f4vera cudz\u00edm, ani bl\u00edzkym \u013eu\u010fom, pocity stiesnenosti, ruchu, stresu, neovl\u00e1danie vlastn\u00e9ho \u017eivota, halucin\u00e1cie, paranoja. Toto v\u0161etko a\u00a0ove\u013ea viac spad\u00e1 do stre\u0161n\u00e9ho n\u00e1zvu tejto psychickej poruchy. Iba na Slovensku sa k\u00a0nej hl\u00e1si a\u017e pribli\u017ene 50 tis\u00edc \u013eud\u00ed a\u00a0zvykne sa prejavova\u0165 najm\u00e4 v\u00a0dospelosti.V\u00a0niektor\u00fdch extr\u00e9mnych pr\u00edpadoch m\u00f4\u017ee postihn\u00fa\u0165 aj men\u0161ie deti, alebo pr\u00edli\u0161 star\u00fdch \u013eud\u00ed. Vek, v\u00a0ktorom sa v\u0161ak zvykne prejavova\u0165 naj\u010dastej\u0161ie b\u00fdva spravidla 25. rok \u017eivota a\u00a0jej roz\u0161\u00edrenos\u0165 je po celom svete na ve\u013emi vysokej \u00farovni, patr\u00ed dokonca medzi 20 naj\u010dastej\u0161\u00edch pr\u00ed\u010din obmedzenosti \u013eud\u00ed. \u013dudia trpiaci touto poruchou sa vyzna\u010duj\u00fa najm\u00e4 ve\u013ekou dezorient\u00e1ciou a\u00a0t\u00fdm, \u017ee maj\u00fa minim\u00e1lny pojem o\u00a0tom, \u010do je skuto\u010dn\u00e9 a\u00a0\u010do je naopak iba v\u00a0ich hlave. Ve\u013emi \u010dasto zvykn\u00fa trpie\u0165 halucin\u00e1ciami, ktor\u00e9 m\u00f4\u017eu by\u0165 negat\u00edvne, ale aj pozit\u00edvne, ale vo v\u0161eobecnosti ide o\u00a0halucin\u00e1cie spojen\u00e9 s\u00a0\u00fazkos\u0165ou, ohrozen\u00edm \u017eivota, prenasledovan\u00edm alebo \u00fatokom.\u010casto sa zvykne v\u00a0spolo\u010dnosti hovori\u0165, \u017ee schizofrenici maj\u00fa rozdvojen\u00fa osobnos\u0165, nie je to v\u0161ak pravda, \u201eSchizofrenici sa nespr\u00e1vaj\u00fa ako dve r\u00f4zne osobnosti, ale ich psychick\u00e9 funkcie, ako s\u00fa myslenie, vn\u00edmanie \u010di em\u00f3cie nie s\u00fa v harm\u00f3nii, s\u00fa akoby roz\u0161tiepen\u00e9,\u201c vrav\u00ed MUDr. \u013dubom\u00edra Iz\u00e1kov\u00e1, PhD. Naj\u010dastej\u0161\u00edm sp\u00fa\u0161\u0165a\u010dom tejto poruchy je dedi\u010dnos\u0165, ale najm\u00e4 stres, niekedy sa v\u0161ak objav\u00ed aj akoby \u201elen tak, z\u00a0ni\u010doho ni\u010d\u201c.                                                                                                                                                                                                                                                                                                                                                                                        4\/5 - (6 votes)        "},{"@context":"https:\/\/schema.org\/","@type":"BreadcrumbList","itemListElement":[{"@type":"ListItem","position":1,"name":"Viete \u010do je to schizofr\u00e9nia? Kedy sa m\u00f4\u017ee prejavi\u0165?","item":"https:\/\/www.kiddo.sk\/viete-co-je-to-schizofrenia-kedy-sa-moze-prejavit\/#breadcrumbitem"}]}]